{"id":2758,"date":"2014-06-17T18:15:40","date_gmt":"2014-06-17T16:15:40","guid":{"rendered":"http:\/\/www.tobias-elsner.com\/?p=2758"},"modified":"2014-06-17T18:15:40","modified_gmt":"2014-06-17T16:15:40","slug":"wald-wasser-wolle-weg-bei-radevormwald","status":"publish","type":"post","link":"https:\/\/www.tobias-elsner.com\/?p=2758","title":{"rendered":"Wald Wasser Wolle Weg bei Radevormwald"},"content":{"rendered":"<div class=\"twoclick_social_bookmarks_post_2758 social_share_privacy clearfix 1.6.4 locale-de_DE sprite-de_DE\"><\/div><div class=\"twoclick-js\"><script type=\"text\/javascript\">\/* <![CDATA[ *\/\njQuery(document).ready(function($){if($('.twoclick_social_bookmarks_post_2758')){$('.twoclick_social_bookmarks_post_2758').socialSharePrivacy({\"services\":{\"facebook\":{\"status\":\"on\",\"txt_info\":\"2 Klicks f\\u00fcr mehr Datenschutz: Erst wenn Sie hier klicken, wird der Button aktiv und Sie k\\u00f6nnen Ihre Empfehlung an Facebook senden. Schon beim Aktivieren werden Daten an Dritte \\u00fcbertragen - siehe <em>i<\\\/em>.\",\"perma_option\":\"off\",\"action\":\"like\",\"language\":\"de_DE\"}},\"txt_help\":\"Wenn Sie diese Felder durch einen Klick aktivieren, werden Informationen an Facebook, Twitter, Flattr, Xing, t3n, LinkedIn, Pinterest oder Google eventuell ins Ausland \\u00fcbertragen und unter Umst\\u00e4nden auch dort gespeichert. N\\u00e4heres erfahren Sie durch einen Klick auf das <em>i<\\\/em>.\",\"settings_perma\":\"Dauerhaft aktivieren und Daten\\u00fcber-tragung zustimmen:\",\"info_link\":\"http:\\\/\\\/www.heise.de\\\/ct\\\/artikel\\\/2-Klicks-fuer-mehr-Datenschutz-1333879.html\",\"uri\":\"https:\\\/\\\/www.tobias-elsner.com\\\/?p=2758\",\"post_id\":2758,\"post_title_referrer_track\":\"Wald+Wasser+Wolle+Weg+bei+Radevormwald\",\"display_infobox\":\"on\"});}});\n\/* ]]> *\/<\/script><\/div><p><strong>Wald Wasser Wolle Weg bei Radevormwald<\/strong><\/p>\n<p>Radevormwald liegt im Bergischen Land und geh\u00f6rt zum Oberbergischen Kreis. Diese Wanderung folgt dem Wald-Wasser-Wolle-Wanderweg. Dieser Rundwanderweg f\u00fchrt vor allem durch das westliche Stadtgebiet von Radevormwald, durch Wald, vorbei an der Wuppertalsperre, entlang der Wupper und vorbei an ehemaligen Textilfabriken im Tal der Wupper.<\/p>\n<p>Unsere Wanderung begann am <a href=\"http:\/\/www.life-ness.de\/\" title=\"life-ness\" target=\"_blank\">life-ness<\/a> und ab dort folgten wir dann auch dem Wanderzeichen <a href=\"http:\/\/www.tobias-elsner.com\/wp-content\/uploads\/2014\/06\/wegezeichen_rundweg_wald_wasser_wolle.jpg\"><img loading=\"lazy\" decoding=\"async\" src=\"http:\/\/www.tobias-elsner.com\/wp-content\/uploads\/2014\/06\/wegezeichen_rundweg_wald_wasser_wolle.jpg\" alt=\"wegezeichen_rundweg_wald_wasser_wolle\" width=\"30\" height=\"30\" class=\"alignnone size-full wp-image-2759\" \/><\/a>. Dieses Wanderzeichen konnten wir bis auf eine Stelle ohne Probleme folgen. Wie ihr an den Bildern sehr gut sehen k\u00f6nnt, ist die Strecke sehr abwechslungsreich und hat f\u00fcr jeden etwas dabei.<\/p>\n<p>Die 23,9 KM waren f\u00fcr uns eine gute und einfache Wanderung. Nur leider wurde wieder nichts mit unserem St\u00fcck Kuchen, denn die meisten Gasth\u00f6fe auf der Strecke sind leider nicht mehr bewirtschaftete und sind geschlossen. Wir hatten am Ende aber Gl\u00fcck und haben uns mit einem Eis belohnt, denn es war Stadt- und Sch\u00fctzenfest in Radevormwald.<\/p>\n<p>Hier die Strecke aufgezeichnet mit Komoot:<\/p>\n<p><iframe loading=\"lazy\" src=\"https:\/\/www.komoot.de\/tour\/3061961\/embed\" width=\"640\" height=\"440\" frameborder=\"0\" scrolling=\"no\" marginheight=\"0\" marginwidth=\"0\"><\/iframe><\/p>\n<p>Bildergalerie:<br \/>ngg_shortcode_0_placeholder\n","protected":false},"excerpt":{"rendered":"<p>Wald Wasser Wolle Weg bei Radevormwald Radevormwald liegt im Bergischen Land und geh\u00f6rt zum Oberbergischen Kreis. Diese Wanderung folgt dem Wald-Wasser-Wolle-Wanderweg. Dieser Rundwanderweg f\u00fchrt vor allem durch das westliche Stadtgebiet von Radevormwald, durch Wald, vorbei an der Wuppertalsperre, entlang der Wupper und vorbei an ehemaligen Textilfabriken im Tal der Wupper. Unsere Wanderung begann am life-ness [&hellip;]<\/p>\n","protected":false},"author":1,"featured_media":0,"comment_status":"closed","ping_status":"open","sticky":false,"template":"","format":"standard","meta":{"ngg_post_thumbnail":0,"_jetpack_memberships_contains_paid_content":false,"footnotes":""},"categories":[11],"tags":[],"class_list":["post-2758","post","type-post","status-publish","format-standard","hentry","category-urlaub"],"jetpack_featured_media_url":"","jetpack_shortlink":"https:\/\/wp.me\/p6pYr2-Iu","jetpack_sharing_enabled":true,"_links":{"self":[{"href":"https:\/\/www.tobias-elsner.com\/index.php?rest_route=\/wp\/v2\/posts\/2758","targetHints":{"allow":["GET"]}}],"collection":[{"href":"https:\/\/www.tobias-elsner.com\/index.php?rest_route=\/wp\/v2\/posts"}],"about":[{"href":"https:\/\/www.tobias-elsner.com\/index.php?rest_route=\/wp\/v2\/types\/post"}],"author":[{"embeddable":true,"href":"https:\/\/www.tobias-elsner.com\/index.php?rest_route=\/wp\/v2\/users\/1"}],"replies":[{"embeddable":true,"href":"https:\/\/www.tobias-elsner.com\/index.php?rest_route=%2Fwp%2Fv2%2Fcomments&post=2758"}],"version-history":[{"count":10,"href":"https:\/\/www.tobias-elsner.com\/index.php?rest_route=\/wp\/v2\/posts\/2758\/revisions"}],"predecessor-version":[{"id":2769,"href":"https:\/\/www.tobias-elsner.com\/index.php?rest_route=\/wp\/v2\/posts\/2758\/revisions\/2769"}],"wp:attachment":[{"href":"https:\/\/www.tobias-elsner.com\/index.php?rest_route=%2Fwp%2Fv2%2Fmedia&parent=2758"}],"wp:term":[{"taxonomy":"category","embeddable":true,"href":"https:\/\/www.tobias-elsner.com\/index.php?rest_route=%2Fwp%2Fv2%2Fcategories&post=2758"},{"taxonomy":"post_tag","embeddable":true,"href":"https:\/\/www.tobias-elsner.com\/index.php?rest_route=%2Fwp%2Fv2%2Ftags&post=2758"}],"curies":[{"name":"wp","href":"https:\/\/api.w.org\/{rel}","templated":true}]}}